{"id":24706,"date":"2022-08-08T16:33:13","date_gmt":"2022-08-08T14:33:13","guid":{"rendered":"https:\/\/www.hotelreservation.de\/?p=24706"},"modified":"2022-08-09T10:04:11","modified_gmt":"2022-08-09T08:04:11","slug":"neueroeffnung-ibis-styles-muenchen-perlach","status":"publish","type":"post","link":"https:\/\/www.hotelreservation.de\/de\/hotelpartner\/neueroeffnung-ibis-styles-muenchen-perlach\/","title":{"rendered":"Neuer\u00f6ffnung Ibis Styles M\u00fcnchen Perlach"},"content":{"rendered":"<p><strong>Neuer\u00f6ffnung &#8211; Ibis Styles M\u00fcnchen Perlach <\/strong><\/p>\n<p><strong>M\u00fcnchens Disco-\u00c4ra wird wieder zum Leben erweckt.<\/strong><\/p>\n<p>Im September \u00f6ffnet das <a href=\"https:\/\/all.accor.com\/hotel\/B547\/index.en.shtml?y_source=1_MzYxNDQ3MTYtNzE1LWxvY2F0aW9uLndlYnNpdGU%3D#section-facilities\"><strong>Ibis Styles M\u00fcnchen Perlach <\/strong><\/a>seine T\u00fcren nicht nur f\u00fcr kreative K\u00f6pfe, denn auch f\u00fcr Gesch\u00e4ftsreisende gibt es viele Annehmlichkeiten. Die 172 Zimmer sind in kr\u00e4ftigen Farben und mit Retro-Designelementen gestaltet. Die Lounge bietet eine entspannte Atmosph\u00e4re, um den Abend mit frischen Snacks und Drinks ausklingen zu lassen.<\/p>\n<p>Das Hotel befindet sich in der neuen Perlach Plaza mit angrenzender Ladenstra\u00dfe mit fast 30 Gesch\u00e4ften. Die direkte Anbindung an die U-Bahn-Station erleichtert auch f\u00fcr Gesch\u00e4ftsreisende die An- und Abreise.<\/p>\n<p>Wir freuen uns, dass wir das <a href=\"https:\/\/all.accor.com\/hotel\/B547\/index.en.shtml?y_source=1_MzYxNDQ3MTYtNzE1LWxvY2F0aW9uLndlYnNpdGU%3D#section-facilities\"><strong>Ibis Styles M\u00fcnchen Perlach<\/strong><\/a> als neuen Hotelpartner begr\u00fc\u00dfen d\u00fcrfen und zur BAUMA2022 schon Zimmer des Hotels auf unserer <a href=\"https:\/\/www.hotelreservation.de\/de\/hotel-buchen\/hotelsuche\/hotelauswahl\/?task=entitysearch_filter&amp;messeid=6614&amp;messedesc=BAUMA+2022&amp;startDate=2022-10-24&amp;endDate=2022-10-30&amp;rooms_single=1&amp;rooms_double=0\">Website<\/a> anbieten.<\/p>\n<p>Schauen Sie auf unserer <a href=\"https:\/\/www.hotelreservation.de\/de\/hotel-buchen\/hotelsuche\/hotelauswahl\/?task=entitysearch_filter&amp;messeid=6614&amp;messedesc=BAUMA+2022&amp;startDate=2022-10-24&amp;endDate=2022-10-30&amp;rooms_single=1&amp;rooms_double=0\">Website<\/a> vorbei und buchen direkt dort Ihre Zimmer.<\/p>\n<p>Wir freuen uns auf die Zusammenarbeit.<\/p>\n<p>&nbsp;<\/p>\n<p><img loading=\"lazy\" decoding=\"async\" class=\"alignnone size-full wp-image-24718\" src=\"https:\/\/www.hotelreservation.de\/wp-content\/uploads\/2022\/08\/Ibis-Styles-Neueroeffnung-22-08-08.png\" alt=\"\" width=\"1311\" height=\"354\" srcset=\"https:\/\/www.hotelreservation.de\/wp-content\/uploads\/2022\/08\/Ibis-Styles-Neueroeffnung-22-08-08.png 1311w, https:\/\/www.hotelreservation.de\/wp-content\/uploads\/2022\/08\/Ibis-Styles-Neueroeffnung-22-08-08-300x81.png 300w, https:\/\/www.hotelreservation.de\/wp-content\/uploads\/2022\/08\/Ibis-Styles-Neueroeffnung-22-08-08-1024x277.png 1024w, https:\/\/www.hotelreservation.de\/wp-content\/uploads\/2022\/08\/Ibis-Styles-Neueroeffnung-22-08-08-768x207.png 768w, https:\/\/www.hotelreservation.de\/wp-content\/uploads\/2022\/08\/Ibis-Styles-Neueroeffnung-22-08-08-1200x324.png 1200w, https:\/\/www.hotelreservation.de\/wp-content\/uploads\/2022\/08\/Ibis-Styles-Neueroeffnung-22-08-08-600x162.png 600w, https:\/\/www.hotelreservation.de\/wp-content\/uploads\/2022\/08\/Ibis-Styles-Neueroeffnung-22-08-08-400x108.png 400w, https:\/\/www.hotelreservation.de\/wp-content\/uploads\/2022\/08\/Ibis-Styles-Neueroeffnung-22-08-08-4x1.png 4w, https:\/\/www.hotelreservation.de\/wp-content\/uploads\/2022\/08\/Ibis-Styles-Neueroeffnung-22-08-08-200x54.png 200w\" sizes=\"auto, (max-width: 709px) 85vw, (max-width: 909px) 67vw, (max-width: 1362px) 62vw, 840px\" \/><\/p>\n","protected":false},"excerpt":{"rendered":"<p>Neuer\u00f6ffnung &#8211; Ibis Styles M\u00fcnchen Perlach M\u00fcnchens Disco-\u00c4ra wird wieder zum Leben erweckt. Im September \u00f6ffnet das Ibis Styles M\u00fcnchen Perlach seine T\u00fcren nicht nur f\u00fcr kreative K\u00f6pfe, denn auch &hellip; <a href=\"https:\/\/www.hotelreservation.de\/de\/hotelpartner\/neueroeffnung-ibis-styles-muenchen-perlach\/\" class=\"more-link\">weiterlesen<span class=\"screen-reader-text\"> &#8222;Neuer\u00f6ffnung Ibis Styles M\u00fcnchen Perlach&#8220;<\/span><\/a><\/p>\n","protected":false},"author":101,"featured_media":24718,"comment_status":"open","ping_status":"open","sticky":false,"template":"","format":"standard","meta":{"_acf_changed":false,"footnotes":""},"categories":[22,85,12],"tags":[825,824,823,822,790],"class_list":["post-24706","post","type-post","status-publish","format-standard","has-post-thumbnail","hentry","category-hotelpartner","category-messen","category-spezielle-angebote","tag-bauma2022","tag-geschaeftsreisende","tag-hotel","tag-hotelreservierung","tag-hotelzimmer"],"acf":[],"yoast_head":"<!-- This site is optimized with the Yoast SEO plugin v27.5 - https:\/\/yoast.com\/product\/yoast-seo-wordpress\/ -->\n<title>Neuer\u00f6ffnung Ibis Styles M\u00fcnchen Perlach - hotelreservation.de<\/title>\n<meta name=\"description\" content=\"Wir freuen uns, dass wir das Ibis Styles M\u00fcnchen Perlach als neuen Hotelpartner begr\u00fc\u00dfen d\u00fcrfen. Schauen Sie auf unserer Website vorbei und buchen direkt Ihre Zimmer.\" \/>\n<meta name=\"robots\" content=\"index, follow, max-snippet:-1, max-image-preview:large, max-video-preview:-1\" \/>\n<link rel=\"canonical\" href=\"https:\/\/www.hotelreservation.de\/de\/hotelpartner\/neueroeffnung-ibis-styles-muenchen-perlach\/\" \/>\n<meta property=\"og:locale\" content=\"de_DE\" \/>\n<meta property=\"og:type\" content=\"article\" \/>\n<meta property=\"og:title\" content=\"Neuer\u00f6ffnung Ibis Styles M\u00fcnchen Perlach - hotelreservation.de\" \/>\n<meta property=\"og:description\" content=\"Wir freuen uns, dass wir das Ibis Styles M\u00fcnchen Perlach als neuen Hotelpartner begr\u00fc\u00dfen d\u00fcrfen. Schauen Sie auf unserer Website vorbei und buchen direkt Ihre Zimmer.\" \/>\n<meta property=\"og:url\" content=\"https:\/\/www.hotelreservation.de\/de\/hotelpartner\/neueroeffnung-ibis-styles-muenchen-perlach\/\" \/>\n<meta property=\"og:site_name\" content=\"hotelreservation.de\" \/>\n<meta property=\"article:published_time\" content=\"2022-08-08T14:33:13+00:00\" \/>\n<meta property=\"article:modified_time\" content=\"2022-08-09T08:04:11+00:00\" \/>\n<meta property=\"og:image\" content=\"https:\/\/www.hotelreservation.de\/wp-content\/uploads\/2022\/08\/Ibis-Styles-Neueroeffnung-22-08-08.png\" \/>\n\t<meta property=\"og:image:width\" content=\"1311\" \/>\n\t<meta property=\"og:image:height\" content=\"354\" \/>\n\t<meta property=\"og:image:type\" content=\"image\/png\" \/>\n<meta name=\"author\" content=\"Carina Rettich\" \/>\n<meta name=\"twitter:card\" content=\"summary_large_image\" \/>\n<meta name=\"twitter:label1\" content=\"Verfasst von\" \/>\n\t<meta name=\"twitter:data1\" content=\"Carina Rettich\" \/>\n\t<meta name=\"twitter:label2\" content=\"Gesch\u00e4tzte Lesezeit\" \/>\n\t<meta name=\"twitter:data2\" content=\"1\u00a0Minute\" \/>\n<script type=\"application\/ld+json\" class=\"yoast-schema-graph\">{\"@context\":\"https:\\\/\\\/schema.org\",\"@graph\":[{\"@type\":\"Article\",\"@id\":\"https:\\\/\\\/www.hotelreservation.de\\\/de\\\/hotelpartner\\\/neueroeffnung-ibis-styles-muenchen-perlach\\\/#article\",\"isPartOf\":{\"@id\":\"https:\\\/\\\/www.hotelreservation.de\\\/de\\\/hotelpartner\\\/neueroeffnung-ibis-styles-muenchen-perlach\\\/\"},\"author\":{\"name\":\"Carina Rettich\",\"@id\":\"https:\\\/\\\/www.hotelreservation.de\\\/de\\\/#\\\/schema\\\/person\\\/f9f8c6df2b6173034b5a7c121ddd2923\"},\"headline\":\"Neuer\u00f6ffnung Ibis Styles M\u00fcnchen Perlach\",\"datePublished\":\"2022-08-08T14:33:13+00:00\",\"dateModified\":\"2022-08-09T08:04:11+00:00\",\"mainEntityOfPage\":{\"@id\":\"https:\\\/\\\/www.hotelreservation.de\\\/de\\\/hotelpartner\\\/neueroeffnung-ibis-styles-muenchen-perlach\\\/\"},\"wordCount\":163,\"commentCount\":0,\"publisher\":{\"@id\":\"https:\\\/\\\/www.hotelreservation.de\\\/de\\\/#organization\"},\"image\":{\"@id\":\"https:\\\/\\\/www.hotelreservation.de\\\/de\\\/hotelpartner\\\/neueroeffnung-ibis-styles-muenchen-perlach\\\/#primaryimage\"},\"thumbnailUrl\":\"https:\\\/\\\/www.hotelreservation.de\\\/wp-content\\\/uploads\\\/2022\\\/08\\\/Ibis-Styles-Neueroeffnung-22-08-08.png\",\"keywords\":[\"BAUMA2022\",\"Gesch\u00e4ftsreisende\",\"Hotel\",\"Hotelreservierung\",\"Hotelzimmer\"],\"articleSection\":[\"Hotelpartner\",\"Messen\",\"Spezielle Angebote\"],\"inLanguage\":\"de\"},{\"@type\":\"WebPage\",\"@id\":\"https:\\\/\\\/www.hotelreservation.de\\\/de\\\/hotelpartner\\\/neueroeffnung-ibis-styles-muenchen-perlach\\\/\",\"url\":\"https:\\\/\\\/www.hotelreservation.de\\\/de\\\/hotelpartner\\\/neueroeffnung-ibis-styles-muenchen-perlach\\\/\",\"name\":\"Neuer\u00f6ffnung Ibis Styles M\u00fcnchen Perlach - hotelreservation.de\",\"isPartOf\":{\"@id\":\"https:\\\/\\\/www.hotelreservation.de\\\/de\\\/#website\"},\"primaryImageOfPage\":{\"@id\":\"https:\\\/\\\/www.hotelreservation.de\\\/de\\\/hotelpartner\\\/neueroeffnung-ibis-styles-muenchen-perlach\\\/#primaryimage\"},\"image\":{\"@id\":\"https:\\\/\\\/www.hotelreservation.de\\\/de\\\/hotelpartner\\\/neueroeffnung-ibis-styles-muenchen-perlach\\\/#primaryimage\"},\"thumbnailUrl\":\"https:\\\/\\\/www.hotelreservation.de\\\/wp-content\\\/uploads\\\/2022\\\/08\\\/Ibis-Styles-Neueroeffnung-22-08-08.png\",\"datePublished\":\"2022-08-08T14:33:13+00:00\",\"dateModified\":\"2022-08-09T08:04:11+00:00\",\"description\":\"Wir freuen uns, dass wir das Ibis Styles M\u00fcnchen Perlach als neuen Hotelpartner begr\u00fc\u00dfen d\u00fcrfen. Schauen Sie auf unserer Website vorbei und buchen direkt Ihre Zimmer.\",\"breadcrumb\":{\"@id\":\"https:\\\/\\\/www.hotelreservation.de\\\/de\\\/hotelpartner\\\/neueroeffnung-ibis-styles-muenchen-perlach\\\/#breadcrumb\"},\"inLanguage\":\"de\",\"potentialAction\":[{\"@type\":\"ReadAction\",\"target\":[\"https:\\\/\\\/www.hotelreservation.de\\\/de\\\/hotelpartner\\\/neueroeffnung-ibis-styles-muenchen-perlach\\\/\"]}]},{\"@type\":\"ImageObject\",\"inLanguage\":\"de\",\"@id\":\"https:\\\/\\\/www.hotelreservation.de\\\/de\\\/hotelpartner\\\/neueroeffnung-ibis-styles-muenchen-perlach\\\/#primaryimage\",\"url\":\"https:\\\/\\\/www.hotelreservation.de\\\/wp-content\\\/uploads\\\/2022\\\/08\\\/Ibis-Styles-Neueroeffnung-22-08-08.png\",\"contentUrl\":\"https:\\\/\\\/www.hotelreservation.de\\\/wp-content\\\/uploads\\\/2022\\\/08\\\/Ibis-Styles-Neueroeffnung-22-08-08.png\",\"width\":1311,\"height\":354},{\"@type\":\"BreadcrumbList\",\"@id\":\"https:\\\/\\\/www.hotelreservation.de\\\/de\\\/hotelpartner\\\/neueroeffnung-ibis-styles-muenchen-perlach\\\/#breadcrumb\",\"itemListElement\":[{\"@type\":\"ListItem\",\"position\":1,\"name\":\"Startseite\",\"item\":\"https:\\\/\\\/www.hotelreservation.de\\\/de\\\/\"},{\"@type\":\"ListItem\",\"position\":2,\"name\":\"Neuer\u00f6ffnung Ibis Styles M\u00fcnchen Perlach\"}]},{\"@type\":\"WebSite\",\"@id\":\"https:\\\/\\\/www.hotelreservation.de\\\/de\\\/#website\",\"url\":\"https:\\\/\\\/www.hotelreservation.de\\\/de\\\/\",\"name\":\"hotelreservation.de\",\"description\":\"\",\"publisher\":{\"@id\":\"https:\\\/\\\/www.hotelreservation.de\\\/de\\\/#organization\"},\"potentialAction\":[{\"@type\":\"SearchAction\",\"target\":{\"@type\":\"EntryPoint\",\"urlTemplate\":\"https:\\\/\\\/www.hotelreservation.de\\\/de\\\/?s={search_term_string}\"},\"query-input\":{\"@type\":\"PropertyValueSpecification\",\"valueRequired\":true,\"valueName\":\"search_term_string\"}}],\"inLanguage\":\"de\"},{\"@type\":\"Organization\",\"@id\":\"https:\\\/\\\/www.hotelreservation.de\\\/de\\\/#organization\",\"name\":\"TEST GmbH & Co. KG\",\"url\":\"https:\\\/\\\/www.hotelreservation.de\\\/de\\\/\",\"logo\":{\"@type\":\"ImageObject\",\"inLanguage\":\"de\",\"@id\":\"https:\\\/\\\/www.hotelreservation.de\\\/de\\\/#\\\/schema\\\/logo\\\/image\\\/\",\"url\":\"https:\\\/\\\/www.hotelreservation.de\\\/wp-content\\\/uploads\\\/2019\\\/11\\\/TEST_gr\u00fcn.png\",\"contentUrl\":\"https:\\\/\\\/www.hotelreservation.de\\\/wp-content\\\/uploads\\\/2019\\\/11\\\/TEST_gr\u00fcn.png\",\"width\":1000,\"height\":770,\"caption\":\"TEST GmbH & Co. KG\"},\"image\":{\"@id\":\"https:\\\/\\\/www.hotelreservation.de\\\/de\\\/#\\\/schema\\\/logo\\\/image\\\/\"}},{\"@type\":\"Person\",\"@id\":\"https:\\\/\\\/www.hotelreservation.de\\\/de\\\/#\\\/schema\\\/person\\\/f9f8c6df2b6173034b5a7c121ddd2923\",\"name\":\"Carina Rettich\",\"sameAs\":[\"http:\\\/\\\/www.hotelreservation.de\"],\"url\":\"https:\\\/\\\/www.hotelreservation.de\\\/de\\\/author\\\/crettich\\\/\"}]}<\/script>\n<!-- \/ Yoast SEO plugin. -->","yoast_head_json":{"title":"Neuer\u00f6ffnung Ibis Styles M\u00fcnchen Perlach - hotelreservation.de","description":"Wir freuen uns, dass wir das Ibis Styles M\u00fcnchen Perlach als neuen Hotelpartner begr\u00fc\u00dfen d\u00fcrfen. Schauen Sie auf unserer Website vorbei und buchen direkt Ihre Zimmer.","robots":{"index":"index","follow":"follow","max-snippet":"max-snippet:-1","max-image-preview":"max-image-preview:large","max-video-preview":"max-video-preview:-1"},"canonical":"https:\/\/www.hotelreservation.de\/de\/hotelpartner\/neueroeffnung-ibis-styles-muenchen-perlach\/","og_locale":"de_DE","og_type":"article","og_title":"Neuer\u00f6ffnung Ibis Styles M\u00fcnchen Perlach - hotelreservation.de","og_description":"Wir freuen uns, dass wir das Ibis Styles M\u00fcnchen Perlach als neuen Hotelpartner begr\u00fc\u00dfen d\u00fcrfen. Schauen Sie auf unserer Website vorbei und buchen direkt Ihre Zimmer.","og_url":"https:\/\/www.hotelreservation.de\/de\/hotelpartner\/neueroeffnung-ibis-styles-muenchen-perlach\/","og_site_name":"hotelreservation.de","article_published_time":"2022-08-08T14:33:13+00:00","article_modified_time":"2022-08-09T08:04:11+00:00","og_image":[{"width":1311,"height":354,"url":"https:\/\/www.hotelreservation.de\/wp-content\/uploads\/2022\/08\/Ibis-Styles-Neueroeffnung-22-08-08.png","type":"image\/png"}],"author":"Carina Rettich","twitter_card":"summary_large_image","twitter_misc":{"Verfasst von":"Carina Rettich","Gesch\u00e4tzte Lesezeit":"1\u00a0Minute"},"schema":{"@context":"https:\/\/schema.org","@graph":[{"@type":"Article","@id":"https:\/\/www.hotelreservation.de\/de\/hotelpartner\/neueroeffnung-ibis-styles-muenchen-perlach\/#article","isPartOf":{"@id":"https:\/\/www.hotelreservation.de\/de\/hotelpartner\/neueroeffnung-ibis-styles-muenchen-perlach\/"},"author":{"name":"Carina Rettich","@id":"https:\/\/www.hotelreservation.de\/de\/#\/schema\/person\/f9f8c6df2b6173034b5a7c121ddd2923"},"headline":"Neuer\u00f6ffnung Ibis Styles M\u00fcnchen Perlach","datePublished":"2022-08-08T14:33:13+00:00","dateModified":"2022-08-09T08:04:11+00:00","mainEntityOfPage":{"@id":"https:\/\/www.hotelreservation.de\/de\/hotelpartner\/neueroeffnung-ibis-styles-muenchen-perlach\/"},"wordCount":163,"commentCount":0,"publisher":{"@id":"https:\/\/www.hotelreservation.de\/de\/#organization"},"image":{"@id":"https:\/\/www.hotelreservation.de\/de\/hotelpartner\/neueroeffnung-ibis-styles-muenchen-perlach\/#primaryimage"},"thumbnailUrl":"https:\/\/www.hotelreservation.de\/wp-content\/uploads\/2022\/08\/Ibis-Styles-Neueroeffnung-22-08-08.png","keywords":["BAUMA2022","Gesch\u00e4ftsreisende","Hotel","Hotelreservierung","Hotelzimmer"],"articleSection":["Hotelpartner","Messen","Spezielle Angebote"],"inLanguage":"de"},{"@type":"WebPage","@id":"https:\/\/www.hotelreservation.de\/de\/hotelpartner\/neueroeffnung-ibis-styles-muenchen-perlach\/","url":"https:\/\/www.hotelreservation.de\/de\/hotelpartner\/neueroeffnung-ibis-styles-muenchen-perlach\/","name":"Neuer\u00f6ffnung Ibis Styles M\u00fcnchen Perlach - hotelreservation.de","isPartOf":{"@id":"https:\/\/www.hotelreservation.de\/de\/#website"},"primaryImageOfPage":{"@id":"https:\/\/www.hotelreservation.de\/de\/hotelpartner\/neueroeffnung-ibis-styles-muenchen-perlach\/#primaryimage"},"image":{"@id":"https:\/\/www.hotelreservation.de\/de\/hotelpartner\/neueroeffnung-ibis-styles-muenchen-perlach\/#primaryimage"},"thumbnailUrl":"https:\/\/www.hotelreservation.de\/wp-content\/uploads\/2022\/08\/Ibis-Styles-Neueroeffnung-22-08-08.png","datePublished":"2022-08-08T14:33:13+00:00","dateModified":"2022-08-09T08:04:11+00:00","description":"Wir freuen uns, dass wir das Ibis Styles M\u00fcnchen Perlach als neuen Hotelpartner begr\u00fc\u00dfen d\u00fcrfen. Schauen Sie auf unserer Website vorbei und buchen direkt Ihre Zimmer.","breadcrumb":{"@id":"https:\/\/www.hotelreservation.de\/de\/hotelpartner\/neueroeffnung-ibis-styles-muenchen-perlach\/#breadcrumb"},"inLanguage":"de","potentialAction":[{"@type":"ReadAction","target":["https:\/\/www.hotelreservation.de\/de\/hotelpartner\/neueroeffnung-ibis-styles-muenchen-perlach\/"]}]},{"@type":"ImageObject","inLanguage":"de","@id":"https:\/\/www.hotelreservation.de\/de\/hotelpartner\/neueroeffnung-ibis-styles-muenchen-perlach\/#primaryimage","url":"https:\/\/www.hotelreservation.de\/wp-content\/uploads\/2022\/08\/Ibis-Styles-Neueroeffnung-22-08-08.png","contentUrl":"https:\/\/www.hotelreservation.de\/wp-content\/uploads\/2022\/08\/Ibis-Styles-Neueroeffnung-22-08-08.png","width":1311,"height":354},{"@type":"BreadcrumbList","@id":"https:\/\/www.hotelreservation.de\/de\/hotelpartner\/neueroeffnung-ibis-styles-muenchen-perlach\/#breadcrumb","itemListElement":[{"@type":"ListItem","position":1,"name":"Startseite","item":"https:\/\/www.hotelreservation.de\/de\/"},{"@type":"ListItem","position":2,"name":"Neuer\u00f6ffnung Ibis Styles M\u00fcnchen Perlach"}]},{"@type":"WebSite","@id":"https:\/\/www.hotelreservation.de\/de\/#website","url":"https:\/\/www.hotelreservation.de\/de\/","name":"hotelreservation.de","description":"","publisher":{"@id":"https:\/\/www.hotelreservation.de\/de\/#organization"},"potentialAction":[{"@type":"SearchAction","target":{"@type":"EntryPoint","urlTemplate":"https:\/\/www.hotelreservation.de\/de\/?s={search_term_string}"},"query-input":{"@type":"PropertyValueSpecification","valueRequired":true,"valueName":"search_term_string"}}],"inLanguage":"de"},{"@type":"Organization","@id":"https:\/\/www.hotelreservation.de\/de\/#organization","name":"TEST GmbH & Co. KG","url":"https:\/\/www.hotelreservation.de\/de\/","logo":{"@type":"ImageObject","inLanguage":"de","@id":"https:\/\/www.hotelreservation.de\/de\/#\/schema\/logo\/image\/","url":"https:\/\/www.hotelreservation.de\/wp-content\/uploads\/2019\/11\/TEST_gr\u00fcn.png","contentUrl":"https:\/\/www.hotelreservation.de\/wp-content\/uploads\/2019\/11\/TEST_gr\u00fcn.png","width":1000,"height":770,"caption":"TEST GmbH & Co. KG"},"image":{"@id":"https:\/\/www.hotelreservation.de\/de\/#\/schema\/logo\/image\/"}},{"@type":"Person","@id":"https:\/\/www.hotelreservation.de\/de\/#\/schema\/person\/f9f8c6df2b6173034b5a7c121ddd2923","name":"Carina Rettich","sameAs":["http:\/\/www.hotelreservation.de"],"url":"https:\/\/www.hotelreservation.de\/de\/author\/crettich\/"}]}},"_links":{"self":[{"href":"https:\/\/www.hotelreservation.de\/de\/wp-json\/wp\/v2\/posts\/24706","targetHints":{"allow":["GET"]}}],"collection":[{"href":"https:\/\/www.hotelreservation.de\/de\/wp-json\/wp\/v2\/posts"}],"about":[{"href":"https:\/\/www.hotelreservation.de\/de\/wp-json\/wp\/v2\/types\/post"}],"author":[{"embeddable":true,"href":"https:\/\/www.hotelreservation.de\/de\/wp-json\/wp\/v2\/users\/101"}],"replies":[{"embeddable":true,"href":"https:\/\/www.hotelreservation.de\/de\/wp-json\/wp\/v2\/comments?post=24706"}],"version-history":[{"count":0,"href":"https:\/\/www.hotelreservation.de\/de\/wp-json\/wp\/v2\/posts\/24706\/revisions"}],"wp:featuredmedia":[{"embeddable":true,"href":"https:\/\/www.hotelreservation.de\/de\/wp-json\/wp\/v2\/media\/24718"}],"wp:attachment":[{"href":"https:\/\/www.hotelreservation.de\/de\/wp-json\/wp\/v2\/media?parent=24706"}],"wp:term":[{"taxonomy":"category","embeddable":true,"href":"https:\/\/www.hotelreservation.de\/de\/wp-json\/wp\/v2\/categories?post=24706"},{"taxonomy":"post_tag","embeddable":true,"href":"https:\/\/www.hotelreservation.de\/de\/wp-json\/wp\/v2\/tags?post=24706"}],"curies":[{"name":"wp","href":"https:\/\/api.w.org\/{rel}","templated":true}]}}