{"id":23246,"date":"2020-07-02T10:00:02","date_gmt":"2020-07-02T08:00:02","guid":{"rendered":"https:\/\/www.hotelreservation.de\/?p=23246"},"modified":"2020-09-02T12:58:19","modified_gmt":"2020-09-02T10:58:19","slug":"neuer-termin-fuer-die-eurotier-im-jahr-2021","status":"publish","type":"post","link":"https:\/\/www.hotelreservation.de\/de\/messen\/neuer-termin-fuer-die-eurotier-im-jahr-2021\/","title":{"rendered":"EuroTier mit neuen Termin im Jahr 2021"},"content":{"rendered":"<p><strong>EuroTier \u2013 Weltweit die Leitmesse f\u00fcr Tierhaltungs-Profis<\/strong><\/p>\n<p>Die Messe wurde verschoben, es gibt einen neuen Termin im <strong>Jahr 2021<\/strong><\/p>\n<p>Die Messe EuroTier in Hannover ist die weltgr\u00f6\u00dfte Fachausstellung f\u00fcr Tierhaltung und -management und weltweite Leitmesse f\u00fcr profesionelle Tierhalter. Die EuroTier Messe Hannover zeigt alle Neuentwicklungen, Produkte und Dienstleistungen f\u00fcr die Zucht und Haltung von landwirtschaftlichen Nutztieren, insbesondere Rindern, Schweinen, Gefl\u00fcgel und Fisch, also alles rund um die Veredelung von Futter zu Fleisch, Milch und Eiern.<\/p>\n<p><strong>Messetermin: 09.02.- 12.02.2021<\/strong><\/p>\n<ul>\n<li><strong>Pro Messe Hotel Hannover \u2013<\/strong> direkt an der Messe<br \/>\nab 303,- EUR pro Nacht \/ EZ \/ inkl. Fr\u00fchst\u00fcck<\/li>\n<\/ul>\n<p><img loading=\"lazy\" decoding=\"async\" class=\"alignnone size-thumbnail wp-image-23251\" src=\"https:\/\/www.hotelreservation.de\/wp-content\/uploads\/2020\/07\/Unbenannt-150x150.jpg\" alt=\"\" width=\"150\" height=\"150\" srcset=\"https:\/\/www.hotelreservation.de\/wp-content\/uploads\/2020\/07\/Unbenannt-150x150.jpg 150w, https:\/\/www.hotelreservation.de\/wp-content\/uploads\/2020\/07\/Unbenannt-1x1.jpg 1w\" sizes=\"auto, (max-width: 150px) 85vw, 150px\" \/> <img loading=\"lazy\" decoding=\"async\" class=\"alignnone size-thumbnail wp-image-23255\" src=\"https:\/\/www.hotelreservation.de\/wp-content\/uploads\/2020\/07\/Unbenannt3-150x150.jpg\" alt=\"\" width=\"150\" height=\"150\" srcset=\"https:\/\/www.hotelreservation.de\/wp-content\/uploads\/2020\/07\/Unbenannt3-150x150.jpg 150w, https:\/\/www.hotelreservation.de\/wp-content\/uploads\/2020\/07\/Unbenannt3-1x1.jpg 1w\" sizes=\"auto, (max-width: 150px) 85vw, 150px\" \/> <img loading=\"lazy\" decoding=\"async\" class=\"alignnone size-thumbnail wp-image-23253\" src=\"https:\/\/www.hotelreservation.de\/wp-content\/uploads\/2020\/07\/Unbenannt2-150x150.jpg\" alt=\"\" width=\"150\" height=\"150\" srcset=\"https:\/\/www.hotelreservation.de\/wp-content\/uploads\/2020\/07\/Unbenannt2-150x150.jpg 150w, https:\/\/www.hotelreservation.de\/wp-content\/uploads\/2020\/07\/Unbenannt2-1x1.jpg 1w\" sizes=\"auto, (max-width: 150px) 85vw, 150px\" \/><\/p>\n<ul>\n<li><strong>Finkenhof Hannover-G\u00e4stehaus \u2013 <\/strong>TOP Preis Leistung<br \/>\nab 209,- EUR pro Nacht \/ EZ \/ inkl. Fr\u00fchst\u00fcck<\/li>\n<\/ul>\n<p><strong>\u00a0\u00a0\u00a0\u00a0\u00a0\u00a0\u00a0\u00a0 <img loading=\"lazy\" decoding=\"async\" class=\"alignnone size-thumbnail wp-image-23258\" src=\"https:\/\/www.hotelreservation.de\/wp-content\/uploads\/2020\/07\/d16617-aussenansicht-150x150.jpg\" alt=\"\" width=\"150\" height=\"150\" srcset=\"https:\/\/www.hotelreservation.de\/wp-content\/uploads\/2020\/07\/d16617-aussenansicht-150x150.jpg 150w, https:\/\/www.hotelreservation.de\/wp-content\/uploads\/2020\/07\/d16617-aussenansicht-2x1.jpg 2w\" sizes=\"auto, (max-width: 150px) 85vw, 150px\" \/> \u00a0\u00a0\u00a0\u00a0\u00a0\u00a0 <img loading=\"lazy\" decoding=\"async\" class=\"alignnone size-thumbnail wp-image-23260\" src=\"https:\/\/www.hotelreservation.de\/wp-content\/uploads\/2020\/07\/d16617-fruehstuecksraum-150x150.jpg\" alt=\"\" width=\"150\" height=\"150\" srcset=\"https:\/\/www.hotelreservation.de\/wp-content\/uploads\/2020\/07\/d16617-fruehstuecksraum-150x150.jpg 150w, https:\/\/www.hotelreservation.de\/wp-content\/uploads\/2020\/07\/d16617-fruehstuecksraum-2x1.jpg 2w\" sizes=\"auto, (max-width: 150px) 85vw, 150px\" \/> \u00a0 \u00a0 \u00a0 <img loading=\"lazy\" decoding=\"async\" class=\"alignnone size-thumbnail wp-image-23262\" src=\"https:\/\/www.hotelreservation.de\/wp-content\/uploads\/2020\/07\/d16617-zimmer-150x150.jpg\" alt=\"\" width=\"150\" height=\"150\" srcset=\"https:\/\/www.hotelreservation.de\/wp-content\/uploads\/2020\/07\/d16617-zimmer-150x150.jpg 150w, https:\/\/www.hotelreservation.de\/wp-content\/uploads\/2020\/07\/d16617-zimmer-1x1.jpg 1w\" sizes=\"auto, (max-width: 150px) 85vw, 150px\" \/><\/strong><\/p>\n<ul>\n<li><strong>Gutshof Eucken Algermissen \u2013 <\/strong>unschlagbarer Messepreis<br \/>\nab 160,- EUR pro Nacht \/ EZ \/ inkl. Fr\u00fchst\u00fcck<\/li>\n<\/ul>\n<p><img loading=\"lazy\" decoding=\"async\" class=\"alignnone size-thumbnail wp-image-23265\" src=\"https:\/\/www.hotelreservation.de\/wp-content\/uploads\/2020\/07\/Unbenannt-1-150x150.jpg\" alt=\"\" width=\"150\" height=\"150\" srcset=\"https:\/\/www.hotelreservation.de\/wp-content\/uploads\/2020\/07\/Unbenannt-1-150x150.jpg 150w, https:\/\/www.hotelreservation.de\/wp-content\/uploads\/2020\/07\/Unbenannt-1-1x1.jpg 1w\" sizes=\"auto, (max-width: 150px) 85vw, 150px\" \/> <img loading=\"lazy\" decoding=\"async\" class=\"alignnone size-thumbnail wp-image-23269\" src=\"https:\/\/www.hotelreservation.de\/wp-content\/uploads\/2020\/07\/Unbenannt3-1-150x150.jpg\" alt=\"\" width=\"150\" height=\"150\" srcset=\"https:\/\/www.hotelreservation.de\/wp-content\/uploads\/2020\/07\/Unbenannt3-1-150x150.jpg 150w, https:\/\/www.hotelreservation.de\/wp-content\/uploads\/2020\/07\/Unbenannt3-1-1x1.jpg 1w, https:\/\/www.hotelreservation.de\/wp-content\/uploads\/2020\/07\/Unbenannt3-1-200x200.jpg 200w, https:\/\/www.hotelreservation.de\/wp-content\/uploads\/2020\/07\/Unbenannt3-1.jpg 255w\" sizes=\"auto, (max-width: 150px) 85vw, 150px\" \/> <img loading=\"lazy\" decoding=\"async\" class=\"alignnone size-thumbnail wp-image-23267\" src=\"https:\/\/www.hotelreservation.de\/wp-content\/uploads\/2020\/07\/Unbenannt2-1-150x150.jpg\" alt=\"\" width=\"150\" height=\"150\" srcset=\"https:\/\/www.hotelreservation.de\/wp-content\/uploads\/2020\/07\/Unbenannt2-1-150x150.jpg 150w, https:\/\/www.hotelreservation.de\/wp-content\/uploads\/2020\/07\/Unbenannt2-1-2x1.jpg 2w\" sizes=\"auto, (max-width: 150px) 85vw, 150px\" \/><\/p>\n<ul>\n<li><strong>Martens Hotel Hannover<\/strong> \u2013 TOP Messepreis und Lage<br \/>\nab 177,- EUR pro Nacht \/ EZ \/ inkl. Fr\u00fchst\u00fcck<\/li>\n<\/ul>\n<p><img loading=\"lazy\" decoding=\"async\" class=\"alignnone size-thumbnail wp-image-23274\" src=\"https:\/\/www.hotelreservation.de\/wp-content\/uploads\/2020\/07\/Unbenannt-2-150x150.jpg\" alt=\"\" width=\"150\" height=\"150\" srcset=\"https:\/\/www.hotelreservation.de\/wp-content\/uploads\/2020\/07\/Unbenannt-2-150x150.jpg 150w, https:\/\/www.hotelreservation.de\/wp-content\/uploads\/2020\/07\/Unbenannt-2-1x1.jpg 1w\" sizes=\"auto, (max-width: 150px) 85vw, 150px\" \/>\u00a0 <img loading=\"lazy\" decoding=\"async\" class=\"alignnone size-thumbnail wp-image-23272\" src=\"https:\/\/www.hotelreservation.de\/wp-content\/uploads\/2020\/07\/d2187_fruehstuecksraum-150x150.jpg\" alt=\"\" width=\"150\" height=\"150\" srcset=\"https:\/\/www.hotelreservation.de\/wp-content\/uploads\/2020\/07\/d2187_fruehstuecksraum-150x150.jpg 150w, https:\/\/www.hotelreservation.de\/wp-content\/uploads\/2020\/07\/d2187_fruehstuecksraum-2x1.jpg 2w\" sizes=\"auto, (max-width: 150px) 85vw, 150px\" \/>\u00a0 <img loading=\"lazy\" decoding=\"async\" class=\"alignnone size-thumbnail wp-image-23276\" src=\"https:\/\/www.hotelreservation.de\/wp-content\/uploads\/2020\/07\/Unbenannt2-2-150x150.jpg\" alt=\"\" width=\"150\" height=\"150\" srcset=\"https:\/\/www.hotelreservation.de\/wp-content\/uploads\/2020\/07\/Unbenannt2-2-150x150.jpg 150w, https:\/\/www.hotelreservation.de\/wp-content\/uploads\/2020\/07\/Unbenannt2-2-1x1.jpg 1w\" sizes=\"auto, (max-width: 150px) 85vw, 150px\" \/><\/p>\n<p>Weitere Hotels finden Sie hier:<\/p>\n<p><a href=\"https:\/\/ogy.de\/EuroTier2021\">https:\/\/ogy.de\/EuroTier2021<\/a><\/p>\n","protected":false},"excerpt":{"rendered":"<p>EuroTier \u2013 Weltweit die Leitmesse f\u00fcr Tierhaltungs-Profis Die Messe wurde verschoben, es gibt einen neuen Termin im Jahr 2021 Die Messe EuroTier in Hannover ist die weltgr\u00f6\u00dfte Fachausstellung f\u00fcr Tierhaltung &hellip; <a href=\"https:\/\/www.hotelreservation.de\/de\/messen\/neuer-termin-fuer-die-eurotier-im-jahr-2021\/\" class=\"more-link\">weiterlesen<span class=\"screen-reader-text\"> &#8222;EuroTier mit neuen Termin im Jahr 2021&#8220;<\/span><\/a><\/p>\n","protected":false},"author":6,"featured_media":23248,"comment_status":"open","ping_status":"open","sticky":false,"template":"","format":"standard","meta":{"_acf_changed":false,"footnotes":""},"categories":[22,85],"tags":[],"class_list":["post-23246","post","type-post","status-publish","format-standard","has-post-thumbnail","hentry","category-hotelpartner","category-messen"],"acf":[],"yoast_head":"<!-- This site is optimized with the Yoast SEO plugin v27.5 - https:\/\/yoast.com\/product\/yoast-seo-wordpress\/ -->\n<title>EuroTier mit neuen Termin im Jahr 2021 - hotelreservation.de<\/title>\n<meta name=\"description\" content=\"EuroTier mit neuen Termin im Jahr 2021\" \/>\n<meta name=\"robots\" content=\"index, follow, max-snippet:-1, max-image-preview:large, max-video-preview:-1\" \/>\n<link rel=\"canonical\" href=\"https:\/\/www.hotelreservation.de\/de\/messen\/neuer-termin-fuer-die-eurotier-im-jahr-2021\/\" \/>\n<meta property=\"og:locale\" content=\"de_DE\" \/>\n<meta property=\"og:type\" content=\"article\" \/>\n<meta property=\"og:title\" content=\"EuroTier mit neuen Termin im Jahr 2021 - hotelreservation.de\" \/>\n<meta property=\"og:description\" content=\"EuroTier mit neuen Termin im Jahr 2021\" \/>\n<meta property=\"og:url\" content=\"https:\/\/www.hotelreservation.de\/de\/messen\/neuer-termin-fuer-die-eurotier-im-jahr-2021\/\" \/>\n<meta property=\"og:site_name\" content=\"hotelreservation.de\" \/>\n<meta property=\"article:published_time\" content=\"2020-07-02T08:00:02+00:00\" \/>\n<meta property=\"article:modified_time\" content=\"2020-09-02T10:58:19+00:00\" \/>\n<meta property=\"og:image\" content=\"https:\/\/www.hotelreservation.de\/wp-content\/uploads\/2020\/07\/eurotier2.jpg\" \/>\n\t<meta property=\"og:image:width\" content=\"960\" \/>\n\t<meta property=\"og:image:height\" content=\"589\" \/>\n\t<meta property=\"og:image:type\" content=\"image\/jpeg\" \/>\n<meta name=\"author\" content=\"Author\" \/>\n<meta name=\"twitter:card\" content=\"summary_large_image\" \/>\n<meta name=\"twitter:label1\" content=\"Verfasst von\" \/>\n\t<meta name=\"twitter:data1\" content=\"Author\" \/>\n\t<meta name=\"twitter:label2\" content=\"Gesch\u00e4tzte Lesezeit\" \/>\n\t<meta name=\"twitter:data2\" content=\"1\u00a0Minute\" \/>\n<script type=\"application\/ld+json\" class=\"yoast-schema-graph\">{\"@context\":\"https:\\\/\\\/schema.org\",\"@graph\":[{\"@type\":\"Article\",\"@id\":\"https:\\\/\\\/www.hotelreservation.de\\\/de\\\/messen\\\/neuer-termin-fuer-die-eurotier-im-jahr-2021\\\/#article\",\"isPartOf\":{\"@id\":\"https:\\\/\\\/www.hotelreservation.de\\\/de\\\/messen\\\/neuer-termin-fuer-die-eurotier-im-jahr-2021\\\/\"},\"author\":{\"name\":\"Author\",\"@id\":\"https:\\\/\\\/www.hotelreservation.de\\\/de\\\/#\\\/schema\\\/person\\\/3f6edc04889ab4f661bd92b429834dfe\"},\"headline\":\"EuroTier mit neuen Termin im Jahr 2021\",\"datePublished\":\"2020-07-02T08:00:02+00:00\",\"dateModified\":\"2020-09-02T10:58:19+00:00\",\"mainEntityOfPage\":{\"@id\":\"https:\\\/\\\/www.hotelreservation.de\\\/de\\\/messen\\\/neuer-termin-fuer-die-eurotier-im-jahr-2021\\\/\"},\"wordCount\":162,\"commentCount\":0,\"publisher\":{\"@id\":\"https:\\\/\\\/www.hotelreservation.de\\\/de\\\/#organization\"},\"image\":{\"@id\":\"https:\\\/\\\/www.hotelreservation.de\\\/de\\\/messen\\\/neuer-termin-fuer-die-eurotier-im-jahr-2021\\\/#primaryimage\"},\"thumbnailUrl\":\"https:\\\/\\\/www.hotelreservation.de\\\/wp-content\\\/uploads\\\/2020\\\/07\\\/eurotier2.jpg\",\"articleSection\":[\"Hotelpartner\",\"Messen\"],\"inLanguage\":\"de\"},{\"@type\":\"WebPage\",\"@id\":\"https:\\\/\\\/www.hotelreservation.de\\\/de\\\/messen\\\/neuer-termin-fuer-die-eurotier-im-jahr-2021\\\/\",\"url\":\"https:\\\/\\\/www.hotelreservation.de\\\/de\\\/messen\\\/neuer-termin-fuer-die-eurotier-im-jahr-2021\\\/\",\"name\":\"EuroTier mit neuen Termin im Jahr 2021 - hotelreservation.de\",\"isPartOf\":{\"@id\":\"https:\\\/\\\/www.hotelreservation.de\\\/de\\\/#website\"},\"primaryImageOfPage\":{\"@id\":\"https:\\\/\\\/www.hotelreservation.de\\\/de\\\/messen\\\/neuer-termin-fuer-die-eurotier-im-jahr-2021\\\/#primaryimage\"},\"image\":{\"@id\":\"https:\\\/\\\/www.hotelreservation.de\\\/de\\\/messen\\\/neuer-termin-fuer-die-eurotier-im-jahr-2021\\\/#primaryimage\"},\"thumbnailUrl\":\"https:\\\/\\\/www.hotelreservation.de\\\/wp-content\\\/uploads\\\/2020\\\/07\\\/eurotier2.jpg\",\"datePublished\":\"2020-07-02T08:00:02+00:00\",\"dateModified\":\"2020-09-02T10:58:19+00:00\",\"description\":\"EuroTier mit neuen Termin im Jahr 2021\",\"breadcrumb\":{\"@id\":\"https:\\\/\\\/www.hotelreservation.de\\\/de\\\/messen\\\/neuer-termin-fuer-die-eurotier-im-jahr-2021\\\/#breadcrumb\"},\"inLanguage\":\"de\",\"potentialAction\":[{\"@type\":\"ReadAction\",\"target\":[\"https:\\\/\\\/www.hotelreservation.de\\\/de\\\/messen\\\/neuer-termin-fuer-die-eurotier-im-jahr-2021\\\/\"]}]},{\"@type\":\"ImageObject\",\"inLanguage\":\"de\",\"@id\":\"https:\\\/\\\/www.hotelreservation.de\\\/de\\\/messen\\\/neuer-termin-fuer-die-eurotier-im-jahr-2021\\\/#primaryimage\",\"url\":\"https:\\\/\\\/www.hotelreservation.de\\\/wp-content\\\/uploads\\\/2020\\\/07\\\/eurotier2.jpg\",\"contentUrl\":\"https:\\\/\\\/www.hotelreservation.de\\\/wp-content\\\/uploads\\\/2020\\\/07\\\/eurotier2.jpg\",\"width\":960,\"height\":589},{\"@type\":\"BreadcrumbList\",\"@id\":\"https:\\\/\\\/www.hotelreservation.de\\\/de\\\/messen\\\/neuer-termin-fuer-die-eurotier-im-jahr-2021\\\/#breadcrumb\",\"itemListElement\":[{\"@type\":\"ListItem\",\"position\":1,\"name\":\"Startseite\",\"item\":\"https:\\\/\\\/www.hotelreservation.de\\\/de\\\/\"},{\"@type\":\"ListItem\",\"position\":2,\"name\":\"EuroTier mit neuen Termin im Jahr 2021\"}]},{\"@type\":\"WebSite\",\"@id\":\"https:\\\/\\\/www.hotelreservation.de\\\/de\\\/#website\",\"url\":\"https:\\\/\\\/www.hotelreservation.de\\\/de\\\/\",\"name\":\"hotelreservation.de\",\"description\":\"\",\"publisher\":{\"@id\":\"https:\\\/\\\/www.hotelreservation.de\\\/de\\\/#organization\"},\"potentialAction\":[{\"@type\":\"SearchAction\",\"target\":{\"@type\":\"EntryPoint\",\"urlTemplate\":\"https:\\\/\\\/www.hotelreservation.de\\\/de\\\/?s={search_term_string}\"},\"query-input\":{\"@type\":\"PropertyValueSpecification\",\"valueRequired\":true,\"valueName\":\"search_term_string\"}}],\"inLanguage\":\"de\"},{\"@type\":\"Organization\",\"@id\":\"https:\\\/\\\/www.hotelreservation.de\\\/de\\\/#organization\",\"name\":\"TEST GmbH & Co. KG\",\"url\":\"https:\\\/\\\/www.hotelreservation.de\\\/de\\\/\",\"logo\":{\"@type\":\"ImageObject\",\"inLanguage\":\"de\",\"@id\":\"https:\\\/\\\/www.hotelreservation.de\\\/de\\\/#\\\/schema\\\/logo\\\/image\\\/\",\"url\":\"https:\\\/\\\/www.hotelreservation.de\\\/wp-content\\\/uploads\\\/2019\\\/11\\\/TEST_gr\u00fcn.png\",\"contentUrl\":\"https:\\\/\\\/www.hotelreservation.de\\\/wp-content\\\/uploads\\\/2019\\\/11\\\/TEST_gr\u00fcn.png\",\"width\":1000,\"height\":770,\"caption\":\"TEST GmbH & Co. KG\"},\"image\":{\"@id\":\"https:\\\/\\\/www.hotelreservation.de\\\/de\\\/#\\\/schema\\\/logo\\\/image\\\/\"}},{\"@type\":\"Person\",\"@id\":\"https:\\\/\\\/www.hotelreservation.de\\\/de\\\/#\\\/schema\\\/person\\\/3f6edc04889ab4f661bd92b429834dfe\",\"name\":\"Author\",\"url\":\"https:\\\/\\\/www.hotelreservation.de\\\/de\\\/author\\\/alexej_kutuzow\\\/\"}]}<\/script>\n<!-- \/ Yoast SEO plugin. -->","yoast_head_json":{"title":"EuroTier mit neuen Termin im Jahr 2021 - hotelreservation.de","description":"EuroTier mit neuen Termin im Jahr 2021","robots":{"index":"index","follow":"follow","max-snippet":"max-snippet:-1","max-image-preview":"max-image-preview:large","max-video-preview":"max-video-preview:-1"},"canonical":"https:\/\/www.hotelreservation.de\/de\/messen\/neuer-termin-fuer-die-eurotier-im-jahr-2021\/","og_locale":"de_DE","og_type":"article","og_title":"EuroTier mit neuen Termin im Jahr 2021 - hotelreservation.de","og_description":"EuroTier mit neuen Termin im Jahr 2021","og_url":"https:\/\/www.hotelreservation.de\/de\/messen\/neuer-termin-fuer-die-eurotier-im-jahr-2021\/","og_site_name":"hotelreservation.de","article_published_time":"2020-07-02T08:00:02+00:00","article_modified_time":"2020-09-02T10:58:19+00:00","og_image":[{"width":960,"height":589,"url":"https:\/\/www.hotelreservation.de\/wp-content\/uploads\/2020\/07\/eurotier2.jpg","type":"image\/jpeg"}],"author":"Author","twitter_card":"summary_large_image","twitter_misc":{"Verfasst von":"Author","Gesch\u00e4tzte Lesezeit":"1\u00a0Minute"},"schema":{"@context":"https:\/\/schema.org","@graph":[{"@type":"Article","@id":"https:\/\/www.hotelreservation.de\/de\/messen\/neuer-termin-fuer-die-eurotier-im-jahr-2021\/#article","isPartOf":{"@id":"https:\/\/www.hotelreservation.de\/de\/messen\/neuer-termin-fuer-die-eurotier-im-jahr-2021\/"},"author":{"name":"Author","@id":"https:\/\/www.hotelreservation.de\/de\/#\/schema\/person\/3f6edc04889ab4f661bd92b429834dfe"},"headline":"EuroTier mit neuen Termin im Jahr 2021","datePublished":"2020-07-02T08:00:02+00:00","dateModified":"2020-09-02T10:58:19+00:00","mainEntityOfPage":{"@id":"https:\/\/www.hotelreservation.de\/de\/messen\/neuer-termin-fuer-die-eurotier-im-jahr-2021\/"},"wordCount":162,"commentCount":0,"publisher":{"@id":"https:\/\/www.hotelreservation.de\/de\/#organization"},"image":{"@id":"https:\/\/www.hotelreservation.de\/de\/messen\/neuer-termin-fuer-die-eurotier-im-jahr-2021\/#primaryimage"},"thumbnailUrl":"https:\/\/www.hotelreservation.de\/wp-content\/uploads\/2020\/07\/eurotier2.jpg","articleSection":["Hotelpartner","Messen"],"inLanguage":"de"},{"@type":"WebPage","@id":"https:\/\/www.hotelreservation.de\/de\/messen\/neuer-termin-fuer-die-eurotier-im-jahr-2021\/","url":"https:\/\/www.hotelreservation.de\/de\/messen\/neuer-termin-fuer-die-eurotier-im-jahr-2021\/","name":"EuroTier mit neuen Termin im Jahr 2021 - hotelreservation.de","isPartOf":{"@id":"https:\/\/www.hotelreservation.de\/de\/#website"},"primaryImageOfPage":{"@id":"https:\/\/www.hotelreservation.de\/de\/messen\/neuer-termin-fuer-die-eurotier-im-jahr-2021\/#primaryimage"},"image":{"@id":"https:\/\/www.hotelreservation.de\/de\/messen\/neuer-termin-fuer-die-eurotier-im-jahr-2021\/#primaryimage"},"thumbnailUrl":"https:\/\/www.hotelreservation.de\/wp-content\/uploads\/2020\/07\/eurotier2.jpg","datePublished":"2020-07-02T08:00:02+00:00","dateModified":"2020-09-02T10:58:19+00:00","description":"EuroTier mit neuen Termin im Jahr 2021","breadcrumb":{"@id":"https:\/\/www.hotelreservation.de\/de\/messen\/neuer-termin-fuer-die-eurotier-im-jahr-2021\/#breadcrumb"},"inLanguage":"de","potentialAction":[{"@type":"ReadAction","target":["https:\/\/www.hotelreservation.de\/de\/messen\/neuer-termin-fuer-die-eurotier-im-jahr-2021\/"]}]},{"@type":"ImageObject","inLanguage":"de","@id":"https:\/\/www.hotelreservation.de\/de\/messen\/neuer-termin-fuer-die-eurotier-im-jahr-2021\/#primaryimage","url":"https:\/\/www.hotelreservation.de\/wp-content\/uploads\/2020\/07\/eurotier2.jpg","contentUrl":"https:\/\/www.hotelreservation.de\/wp-content\/uploads\/2020\/07\/eurotier2.jpg","width":960,"height":589},{"@type":"BreadcrumbList","@id":"https:\/\/www.hotelreservation.de\/de\/messen\/neuer-termin-fuer-die-eurotier-im-jahr-2021\/#breadcrumb","itemListElement":[{"@type":"ListItem","position":1,"name":"Startseite","item":"https:\/\/www.hotelreservation.de\/de\/"},{"@type":"ListItem","position":2,"name":"EuroTier mit neuen Termin im Jahr 2021"}]},{"@type":"WebSite","@id":"https:\/\/www.hotelreservation.de\/de\/#website","url":"https:\/\/www.hotelreservation.de\/de\/","name":"hotelreservation.de","description":"","publisher":{"@id":"https:\/\/www.hotelreservation.de\/de\/#organization"},"potentialAction":[{"@type":"SearchAction","target":{"@type":"EntryPoint","urlTemplate":"https:\/\/www.hotelreservation.de\/de\/?s={search_term_string}"},"query-input":{"@type":"PropertyValueSpecification","valueRequired":true,"valueName":"search_term_string"}}],"inLanguage":"de"},{"@type":"Organization","@id":"https:\/\/www.hotelreservation.de\/de\/#organization","name":"TEST GmbH & Co. KG","url":"https:\/\/www.hotelreservation.de\/de\/","logo":{"@type":"ImageObject","inLanguage":"de","@id":"https:\/\/www.hotelreservation.de\/de\/#\/schema\/logo\/image\/","url":"https:\/\/www.hotelreservation.de\/wp-content\/uploads\/2019\/11\/TEST_gr\u00fcn.png","contentUrl":"https:\/\/www.hotelreservation.de\/wp-content\/uploads\/2019\/11\/TEST_gr\u00fcn.png","width":1000,"height":770,"caption":"TEST GmbH & Co. KG"},"image":{"@id":"https:\/\/www.hotelreservation.de\/de\/#\/schema\/logo\/image\/"}},{"@type":"Person","@id":"https:\/\/www.hotelreservation.de\/de\/#\/schema\/person\/3f6edc04889ab4f661bd92b429834dfe","name":"Author","url":"https:\/\/www.hotelreservation.de\/de\/author\/alexej_kutuzow\/"}]}},"_links":{"self":[{"href":"https:\/\/www.hotelreservation.de\/de\/wp-json\/wp\/v2\/posts\/23246","targetHints":{"allow":["GET"]}}],"collection":[{"href":"https:\/\/www.hotelreservation.de\/de\/wp-json\/wp\/v2\/posts"}],"about":[{"href":"https:\/\/www.hotelreservation.de\/de\/wp-json\/wp\/v2\/types\/post"}],"author":[{"embeddable":true,"href":"https:\/\/www.hotelreservation.de\/de\/wp-json\/wp\/v2\/users\/6"}],"replies":[{"embeddable":true,"href":"https:\/\/www.hotelreservation.de\/de\/wp-json\/wp\/v2\/comments?post=23246"}],"version-history":[{"count":0,"href":"https:\/\/www.hotelreservation.de\/de\/wp-json\/wp\/v2\/posts\/23246\/revisions"}],"wp:featuredmedia":[{"embeddable":true,"href":"https:\/\/www.hotelreservation.de\/de\/wp-json\/wp\/v2\/media\/23248"}],"wp:attachment":[{"href":"https:\/\/www.hotelreservation.de\/de\/wp-json\/wp\/v2\/media?parent=23246"}],"wp:term":[{"taxonomy":"category","embeddable":true,"href":"https:\/\/www.hotelreservation.de\/de\/wp-json\/wp\/v2\/categories?post=23246"},{"taxonomy":"post_tag","embeddable":true,"href":"https:\/\/www.hotelreservation.de\/de\/wp-json\/wp\/v2\/tags?post=23246"}],"curies":[{"name":"wp","href":"https:\/\/api.w.org\/{rel}","templated":true}]}}